{"id":3033,"date":"2026-08-08T11:09:39","date_gmt":"2026-08-08T16:09:39","guid":{"rendered":"https:\/\/viajespachacutec.com\/todo-lo-que-debes-saber-sobre-los-tours-alternativos-en-cusco-la-guia-definitiva-para-viajeros-aventureros\/"},"modified":"2026-08-22T12:22:09","modified_gmt":"2026-08-22T17:22:09","slug":"todo-lo-que-debes-saber-sobre-los-tours-alternativos-en-cusco-la-guia-definitiva-para-viajeros-aventureros","status":"publish","type":"post","link":"https:\/\/viajespachacutec.com\/es\/todo-lo-que-debes-saber-sobre-los-tours-alternativos-en-cusco-la-guia-definitiva-para-viajeros-aventureros\/","title":{"rendered":"Todo lo que debes saber sobre los tours alternativos en Cusco: la gu\u00eda definitiva para viajeros aventureros"},"content":{"rendered":"\n<p class=\"wp-block-paragraph\">Cuando pensamos en Cusco, lo primero que viene a la mente suele ser Machu Picchu. Sin embargo, la antigua capital del Imperio Inca es mucho m\u00e1s que una maravilla del mundo. En sus alrededores se encuentran monta\u00f1as de colores, lagunas de origen glaciar, fortalezas incas escondidas entre ca\u00f1ones, puentes ancestrales construidos con t\u00e9cnicas milenarias y paisajes naturales que sorprenden incluso a los viajeros m\u00e1s experimentados.  <\/p>\n\n<p class=\"wp-block-paragraph\">En los \u00faltimos a\u00f1os, estos destinos se han convertido en algunos de los recorridos m\u00e1s buscados por quienes desean vivir experiencias diferentes, alejadas de los circuitos tradicionales y en contacto con la naturaleza y las comunidades andinas.<\/p>\n\n<p class=\"wp-block-paragraph\">En esta gu\u00eda descubrir\u00e1s todo lo que necesitas saber sobre los principales tours alternativos de Cusco, qu\u00e9 nivel de dificultad tienen, cu\u00e1l es la mejor \u00e9poca para visitarlos y c\u00f3mo elegir el recorrido ideal seg\u00fan tu tiempo y condici\u00f3n f\u00edsica.<\/p>\n\n<p class=\"wp-block-paragraph\"><strong><strong>\u00bfQu\u00e9 son los tours alternativos en Cusco?<\/strong><\/strong><\/p>\n\n<p class=\"wp-block-paragraph\">Los tours alternativos son excursiones que complementan la visita tradicional a Cusco, el Valle Sagrado y Machu Picchu. Se caracterizan por ofrecer experiencias de aventura, naturaleza, cultura viva y paisajes de alta monta\u00f1a. <\/p>\n\n<p class=\"wp-block-paragraph\">La mayor\u00eda son recorridos de un d\u00eda completo que parten muy temprano desde la ciudad de Cusco y regresan por la tarde o noche. Debido a que muchos de estos destinos superan los 4,000 metros sobre el nivel del mar, es recomendable realizarlos despu\u00e9s de pasar al menos dos d\u00edas aclimat\u00e1ndose en la ciudad <\/p>\n\n<p class=\"wp-block-paragraph\"><strong>\u00bfPor qu\u00e9 cada vez m\u00e1s viajeros eligen estos tours?<\/strong><\/p>\n\n<p class=\"wp-block-paragraph\">Los visitantes buscan descubrir lugares menos concurridos y vivir experiencias aut\u00e9nticas. Adem\u00e1s de sus impresionantes paisajes, estos recorridos permiten conocer comunidades andinas, observar fauna local y explorar escenarios naturales que conservan gran parte de su estado original. <\/p>\n\n<p class=\"wp-block-paragraph\">Entre sus principales ventajas destacan:<\/p>\n\n<ul class=\"wp-block-list\">\n<li>Paisajes \u00fanicos de la Cordillera de los Andes.<\/li>\n\n\n\n<li>Menor cantidad de turistas en comparaci\u00f3n con los destinos tradicionales.<\/li>\n\n\n\n<li>Contacto directo con comunidades locales.<\/li>\n\n\n\n<li>Ideal para amantes del senderismo y la fotograf\u00eda.<\/li>\n\n\n\n<li>Experiencias aut\u00e9nticas de naturaleza y cultura.<\/li>\n<\/ul>\n\n<h2 class=\"wp-block-heading\"><strong>1. Monta\u00f1a de Colores (Vinicunca)<\/strong><\/h2>\n\n<div class=\"wp-block-media-text is-stacked-on-mobile\"><figure class=\"wp-block-media-text__media\"><img fetchpriority=\"high\" decoding=\"async\" width=\"1024\" height=\"683\" src=\"https:\/\/viajespachacutec.com\/wp-content\/uploads\/2026\/08\/montana-de-colores-2-1024x683.jpg\" alt=\"\" class=\"wp-image-3014 size-full\" srcset=\"https:\/\/viajespachacutec.com\/wp-content\/uploads\/2026\/08\/montana-de-colores-2-1024x683.jpg 1024w, https:\/\/viajespachacutec.com\/wp-content\/uploads\/2026\/08\/montana-de-colores-2-300x200.jpg 300w, https:\/\/viajespachacutec.com\/wp-content\/uploads\/2026\/08\/montana-de-colores-2-768x512.jpg 768w, https:\/\/viajespachacutec.com\/wp-content\/uploads\/2026\/08\/montana-de-colores-2-1536x1025.jpg 1536w, https:\/\/viajespachacutec.com\/wp-content\/uploads\/2026\/08\/montana-de-colores-2-600x400.jpg 600w, https:\/\/viajespachacutec.com\/wp-content\/uploads\/2026\/08\/montana-de-colores-2.jpg 2048w\" sizes=\"(max-width: 1024px) 100vw, 1024px\" \/><\/figure><div class=\"wp-block-media-text__content\">\n<p class=\"wp-block-paragraph\"><strong>Informaci\u00f3n general<\/strong><\/p>\n\n\n\n<ul class=\"wp-block-list\">\n<li><strong>Altitud:<\/strong> 5,036 msnm.<\/li>\n\n\n\n<li><strong>duracion del tour:<\/strong> D\u00eda completo (12 a 14 horas).<\/li>\n\n\n\n<li><strong>Distancia de caminata: <\/strong>Aproximadamente 4 km ida y vuelta.<\/li>\n\n\n\n<li><strong>Distancia de caminata:<\/strong> Aproximadamente 7 km ida y vuelta. 1 hora 30 minutos y 2 horas por tramo.<\/li>\n\n\n\n<li><strong>Nivel de dificultad:<\/strong> Moderado &#8211; Alto.<\/li>\n<\/ul>\n<\/div><\/div>\n\n<p class=\"wp-block-paragraph\">La Monta\u00f1a de Colores, tambi\u00e9n conocida como Vinicunca, es uno de los destinos naturales m\u00e1s famosos del Per\u00fa y uno de los tours m\u00e1s solicitados despu\u00e9s de Machu Picchu.<\/p>\n\n<p class=\"wp-block-paragraph\">Su principal atractivo son las impresionantes franjas de colores formadas por minerales durante millones de a\u00f1os, creando un paisaje \u00fanico en el mundo.<\/p>\n\n<p class=\"wp-block-paragraph\"><strong>\u00bfQui\u00e9nes pueden realizar este tour?<\/strong><\/p>\n\n<p class=\"wp-block-paragraph\">Se recomienda para viajeros entre los 10 y 65 a\u00f1os aproximadamente, con buena condici\u00f3n f\u00edsica y que hayan permanecido al menos 2 d\u00edas en Cusco para aclimatarse.<\/p>\n\n<p class=\"wp-block-paragraph\">No es recomendable para personas con problemas card\u00edacos o respiratorios.<\/p>\n\n<p class=\"wp-block-paragraph\"><strong>\u00bfSe pueden alquilar caballos?<\/strong> S\u00ed. Las comunidades locales ofrecen caballos para gran parte del ascenso. <\/p>\n\n<ul class=\"wp-block-list\">\n<li><strong>Subida:<\/strong> S\/ 80 a S\/ 100 aproximadamente.<\/li>\n\n\n\n<li><strong>Ida y vuelta: <\/strong>S\/ 120 a S\/ 150. <\/li>\n<\/ul>\n\n<p class=\"wp-block-paragraph\">Los precios pueden variar seg\u00fan la temporada.<\/p>\n\n<p class=\"wp-block-paragraph\"><strong>Tarifas de ingreso<\/strong><\/p>\n\n<ul class=\"wp-block-list\">\n<li>Extranjero: S\/ 30<\/li>\n\n\n\n<li>Peruano: S\/ 15<\/li>\n<\/ul>\n\n<p class=\"wp-block-paragraph\"><strong>Recomendaciones<\/strong><\/p>\n\n<ul class=\"wp-block-list\">\n<li>Llevar ropa t\u00e9rmica.<\/li>\n\n\n\n<li>Protector solar.<\/li>\n\n\n\n<li>Gorro y guantes.<\/li>\n\n\n\n<li>Mantener una buena hidrataci\u00f3n.<\/li>\n\n\n\n<li>Caminar a ritmo constante.<\/li>\n\n\n\n<li>No realizar este tour el primer d\u00eda en Cusco.<\/li>\n<\/ul>\n\n<h2 class=\"wp-block-heading\"><strong>2. Laguna Humantay<\/strong><\/h2>\n\n<div class=\"wp-block-media-text is-stacked-on-mobile\"><figure class=\"wp-block-media-text__media\"><img decoding=\"async\" width=\"1024\" height=\"683\" src=\"https:\/\/viajespachacutec.com\/wp-content\/uploads\/2026\/08\/laguna-de-humantay-1-1024x683.jpg\" alt=\"\" class=\"wp-image-3015 size-full\" srcset=\"https:\/\/viajespachacutec.com\/wp-content\/uploads\/2026\/08\/laguna-de-humantay-1-1024x683.jpg 1024w, https:\/\/viajespachacutec.com\/wp-content\/uploads\/2026\/08\/laguna-de-humantay-1-300x200.jpg 300w, https:\/\/viajespachacutec.com\/wp-content\/uploads\/2026\/08\/laguna-de-humantay-1-768x512.jpg 768w, https:\/\/viajespachacutec.com\/wp-content\/uploads\/2026\/08\/laguna-de-humantay-1-1536x1025.jpg 1536w, https:\/\/viajespachacutec.com\/wp-content\/uploads\/2026\/08\/laguna-de-humantay-1-600x400.jpg 600w, https:\/\/viajespachacutec.com\/wp-content\/uploads\/2026\/08\/laguna-de-humantay-1.jpg 2000w\" sizes=\"(max-width: 1024px) 100vw, 1024px\" \/><\/figure><div class=\"wp-block-media-text__content\">\n<p class=\"wp-block-paragraph\"><strong>Informaci\u00f3n general<\/strong><\/p>\n\n\n\n<ul class=\"wp-block-list\">\n<li><strong>Altitud:<\/strong> 4,200 msnm.<\/li>\n\n\n\n<li><strong>Duraci\u00f3n:<\/strong> D\u00eda completo.<\/li>\n\n\n\n<li><strong>Distancia de caminata: <\/strong>Aproximadamente 4 km ida y vuelta.<\/li>\n\n\n\n<li><strong>Tiempo de caminata: <\/strong>Entre 1 y 2 horas de ascenso.<\/li>\n\n\n\n<li><strong>Nivel de dificultad: <\/strong>Moderado.<\/li>\n<\/ul>\n<\/div><\/div>\n\n<p class=\"wp-block-paragraph\">La Laguna Humantay es considerada una de las lagunas m\u00e1s hermosas del Per\u00fa gracias al intenso color turquesa de sus aguas, alimentadas por el deshielo del nevado Humantay.<\/p>\n\n<p class=\"wp-block-paragraph\"><strong>\u00bfQui\u00e9nes pueden realizar este tour?<\/strong><\/p>\n\n<p class=\"wp-block-paragraph\">Ideal para personas con condici\u00f3n f\u00edsica media y previamente aclimatadas.<\/p>\n\n<p class=\"wp-block-paragraph\">Es apto para familias, aunque los adultos mayores deben evaluar su estado f\u00edsico.<\/p>\n\n<p class=\"wp-block-paragraph\"><strong>\u00bfSe pueden alquilar caballos?<\/strong> S\u00ed. Hay caballos disponibles en Soraypampa. <\/p>\n\n<p class=\"wp-block-paragraph\"><strong>Precio aproximado:<\/strong><\/p>\n\n<ul class=\"wp-block-list\">\n<li><strong>Subida: <\/strong>S\/ 80<\/li>\n\n\n\n<li><strong>Ida y vuelta:<\/strong> S\/ 120<\/li>\n<\/ul>\n\n<p class=\"wp-block-paragraph\"><strong>Tarifas de ingreso<\/strong><\/p>\n\n<ul class=\"wp-block-list\">\n<li>Extranjero: S\/ 20<\/li>\n\n\n\n<li>Peruvian visitors: S\/ 10<\/li>\n<\/ul>\n\n<p class=\"wp-block-paragraph\"><strong>Lo mejor del recorrido<\/strong><\/p>\n\n<ul class=\"wp-block-list\">\n<li>Laguna color turquesa.<\/li>\n\n\n\n<li>Nevado Humantay.<\/li>\n\n\n\n<li>Nevado Salkantay.<\/li>\n\n\n\n<li>Flora altoandina.<\/li>\n\n\n\n<li>Excelente lugar para fotograf\u00edas.<\/li>\n<\/ul>\n\n<h2 class=\"wp-block-heading\"><strong>3. Pallcoyo, la Monta\u00f1a de Colores Alternativa<\/strong><\/h2>\n\n<div class=\"wp-block-media-text is-stacked-on-mobile\"><figure class=\"wp-block-media-text__media\"><img decoding=\"async\" width=\"1024\" height=\"768\" src=\"https:\/\/viajespachacutec.com\/wp-content\/uploads\/2026\/08\/pallcoyo3-1024x768.jpg\" alt=\"\" class=\"wp-image-3016 size-full\" srcset=\"https:\/\/viajespachacutec.com\/wp-content\/uploads\/2026\/08\/pallcoyo3-1024x768.jpg 1024w, https:\/\/viajespachacutec.com\/wp-content\/uploads\/2026\/08\/pallcoyo3-300x225.jpg 300w, https:\/\/viajespachacutec.com\/wp-content\/uploads\/2026\/08\/pallcoyo3-768x576.jpg 768w, https:\/\/viajespachacutec.com\/wp-content\/uploads\/2026\/08\/pallcoyo3-1536x1152.jpg 1536w, https:\/\/viajespachacutec.com\/wp-content\/uploads\/2026\/08\/pallcoyo3-600x450.jpg 600w, https:\/\/viajespachacutec.com\/wp-content\/uploads\/2026\/08\/pallcoyo3.jpg 2048w\" sizes=\"(max-width: 1024px) 100vw, 1024px\" \/><\/figure><div class=\"wp-block-media-text__content\">\n<p class=\"wp-block-paragraph\"><strong>Informaci\u00f3n general<\/strong><\/p>\n\n\n\n<ul class=\"wp-block-list\">\n<li><strong>Altitud: <\/strong>4,900 msnm.<\/li>\n\n\n\n<li><strong>Duraci\u00f3n:<\/strong> D\u00eda completo.<\/li>\n\n\n\n<li><strong>Distancia de caminata:<\/strong> Aproximadamente 2 km ida y vuelta.<\/li>\n\n\n\n<li><strong>Tiempo de caminata:<\/strong> 30 a 45 minutos.<\/li>\n\n\n\n<li><strong>Nivel de dificultad:<\/strong> Bajo a Moderado.<\/li>\n<\/ul>\n<\/div><\/div>\n\n<p class=\"wp-block-paragraph\">Pallcoyo es la mejor alternativa para quienes desean disfrutar monta\u00f1as de colores sin realizar una caminata exigente.<\/p>\n\n<p class=\"wp-block-paragraph\">Aqu\u00ed se observan varias monta\u00f1as multicolores distribuidas a lo largo del paisaje.<\/p>\n\n<p class=\"wp-block-paragraph\"><strong>\u00bfQui\u00e9nes pueden realizar este tour?<\/strong><\/p>\n\n<p class=\"wp-block-paragraph\">Ideal para:<\/p>\n\n<ul class=\"wp-block-list\">\n<li>Familias.<\/li>\n\n\n\n<li>Adultos mayores.<\/li>\n\n\n\n<li>Ni\u00f1os.<\/li>\n\n\n\n<li>Personas que desean evitar caminatas largas.<\/li>\n<\/ul>\n\n<p class=\"wp-block-paragraph\"><strong>\u00bfSe pueden alquilar caballos?<\/strong> no <\/p>\n\n<p class=\"wp-block-paragraph\"><strong>Tarifas de ingreso<\/strong><\/p>\n\n<ul class=\"wp-block-list\">\n<li><strong>Caballo:<\/strong> S\/ 80 a S\/ 120<\/li>\n\n\n\n<li><strong>Peruano:<\/strong> S\/ 15<\/li>\n<\/ul>\n\n<p class=\"wp-block-paragraph\"><strong>\u00bfPor qu\u00e9 elegir Pallcoyo?<\/strong><\/p>\n\n<ul class=\"wp-block-list\">\n<li>Caminata corta.<\/li>\n\n\n\n<li>Poco esfuerzo f\u00edsico.<\/li>\n\n\n\n<li>Menor cantidad de turistas.<\/li>\n\n\n\n<li>Varios miradores naturales.<\/li>\n\n\n\n<li>Bosque de piedras.<\/li>\n<\/ul>\n\n<h2 class=\"wp-block-heading\"><strong>4. Waqrapukara<\/strong><\/h2>\n\n<div class=\"wp-block-media-text is-stacked-on-mobile\"><figure class=\"wp-block-media-text__media\"><img loading=\"lazy\" decoding=\"async\" width=\"900\" height=\"900\" src=\"https:\/\/viajespachacutec.com\/wp-content\/uploads\/2026\/08\/waqrapukara2.jpg\" alt=\"\" class=\"wp-image-3017 size-full\" srcset=\"https:\/\/viajespachacutec.com\/wp-content\/uploads\/2026\/08\/waqrapukara2.jpg 900w, https:\/\/viajespachacutec.com\/wp-content\/uploads\/2026\/08\/waqrapukara2-300x300.jpg 300w, https:\/\/viajespachacutec.com\/wp-content\/uploads\/2026\/08\/waqrapukara2-150x150.jpg 150w, https:\/\/viajespachacutec.com\/wp-content\/uploads\/2026\/08\/waqrapukara2-768x768.jpg 768w, https:\/\/viajespachacutec.com\/wp-content\/uploads\/2026\/08\/waqrapukara2-600x600.jpg 600w, https:\/\/viajespachacutec.com\/wp-content\/uploads\/2026\/08\/waqrapukara2-100x100.jpg 100w\" sizes=\"(max-width: 900px) 100vw, 900px\" \/><\/figure><div class=\"wp-block-media-text__content\">\n<p class=\"wp-block-paragraph\"><strong>Informaci\u00f3n general<\/strong><\/p>\n\n\n\n<ul class=\"wp-block-list\">\n<li><strong>Altitud: <\/strong>4,300 msnm.<\/li>\n\n\n\n<li><strong>Duraci\u00f3n:<\/strong> D\u00eda completo.<\/li>\n\n\n\n<li><strong>Distancia de caminata:<\/strong> Entre 8 y 10 km ida y vuelta, dependiendo de la ruta.<\/li>\n\n\n\n<li><strong>Tiempo de caminata: <\/strong>2 a 3 horas por tramo.<\/li>\n\n\n\n<li><strong>Nivel de dificultad: <\/strong>Moderado &#8211; Alto.<\/li>\n<\/ul>\n<\/div><\/div>\n\n<p class=\"wp-block-paragraph\">Waqrapukara es una impresionante fortaleza inca ubicada sobre enormes formaciones rocosas con vista a profundos ca\u00f1ones.<\/p>\n\n<p class=\"wp-block-paragraph\">Su nombre significa <strong>\u00abFortaleza con forma de cuerno\u00bb<\/strong>.<\/p>\n\n<p class=\"wp-block-paragraph\"><strong>\u00bfQui\u00e9nes pueden realizar este tour?<\/strong> Recomendado para viajeros acostumbrados a caminatas de monta\u00f1a.<\/p>\n\n<p class=\"wp-block-paragraph\"><strong>\u00bfSe pueden alquilar caballos?<\/strong> no<\/p>\n\n<p class=\"wp-block-paragraph\"><strong>Tarifas de ingreso<\/strong><\/p>\n\n<ul class=\"wp-block-list\">\n<li>Extranjero: S\/ 20<\/li>\n\n\n\n<li><strong>Peruano:<\/strong> S\/ 10<\/li>\n<\/ul>\n\n<p class=\"wp-block-paragraph\"><strong>Lo m\u00e1s destacado<\/strong><\/p>\n\n<ul class=\"wp-block-list\">\n<li>Arquitectura inca.<\/li>\n\n\n\n<li>Miradores naturales.<\/li>\n\n\n\n<li>Paisajes poco explorados.<\/li>\n\n\n\n<li>Muy pocos visitantes.<\/li>\n<\/ul>\n\n<h2 class=\"wp-block-heading\"><strong>5.Puente Inca de Q&#8217;eswachaka<\/strong><\/h2>\n\n<div class=\"wp-block-media-text is-stacked-on-mobile\"><figure class=\"wp-block-media-text__media\"><img loading=\"lazy\" decoding=\"async\" width=\"1024\" height=\"532\" src=\"https:\/\/viajespachacutec.com\/wp-content\/uploads\/2026\/08\/queswachaca1-1024x532.jpg\" alt=\"\" class=\"wp-image-3018 size-full\" srcset=\"https:\/\/viajespachacutec.com\/wp-content\/uploads\/2026\/08\/queswachaca1-1024x532.jpg 1024w, https:\/\/viajespachacutec.com\/wp-content\/uploads\/2026\/08\/queswachaca1-300x156.jpg 300w, https:\/\/viajespachacutec.com\/wp-content\/uploads\/2026\/08\/queswachaca1-768x399.jpg 768w, https:\/\/viajespachacutec.com\/wp-content\/uploads\/2026\/08\/queswachaca1-600x312.jpg 600w, https:\/\/viajespachacutec.com\/wp-content\/uploads\/2026\/08\/queswachaca1.jpg 1185w\" sizes=\"(max-width: 1024px) 100vw, 1024px\" \/><\/figure><div class=\"wp-block-media-text__content\">\n<p class=\"wp-block-paragraph\"><strong>Informaci\u00f3n general<\/strong><\/p>\n\n\n\n<ul class=\"wp-block-list\">\n<li><strong>Altitud: <\/strong>3,700 msnm.<\/li>\n\n\n\n<li><strong>Duraci\u00f3n:<\/strong> D\u00eda completo.<\/li>\n\n\n\n<li><strong>Distancia de caminata: <\/strong>Menor a 2 km<\/li>\n\n\n\n<li><strong>Nivel de dificultad:<\/strong> Bajo.<\/li>\n<\/ul>\n<\/div><\/div>\n\n<p class=\"wp-block-paragraph\">El Puente Q&#8217;eswachaka es el \u00faltimo puente colgante inca construido \u00edntegramente con fibra vegetal.<\/p>\n\n<p class=\"wp-block-paragraph\">Cada a\u00f1o es reconstruido por cuatro comunidades utilizando t\u00e9cnicas ancestrales reconocidas por la UNESCO como Patrimonio Cultural Inmaterial de la Humanidad.<\/p>\n\n<p class=\"wp-block-paragraph\"><strong>\u00bfQui\u00e9nes pueden realizar este tour?<\/strong><\/p>\n\n<p class=\"wp-block-paragraph\">Es apto para:<\/p>\n\n<ul class=\"wp-block-list\">\n<li>Ni\u00f1os.<\/li>\n\n\n\n<li>Adultos mayores.<\/li>\n\n\n\n<li>Familias.<\/li>\n\n\n\n<li>Personas con poca experiencia en caminatas.<\/li>\n<\/ul>\n\n<p class=\"wp-block-paragraph\"><strong><strong>\u00bfSe pueden alquilar caballos?<\/strong><\/strong> No es necesario debido a la corta caminata.<\/p>\n\n<p class=\"wp-block-paragraph\"><strong>Tarifas de ingreso<\/strong><\/p>\n\n<ul class=\"wp-block-list\">\n<li><strong>Extranjero:<\/strong> S\/ 20<\/li>\n\n\n\n<li><strong>Peruano:<\/strong> S\/ 10<\/li>\n<\/ul>\n\n<p class=\"wp-block-paragraph\"><strong>Lo m\u00e1s destacado<\/strong><\/p>\n\n<ul class=\"wp-block-list\">\n<li>Historia viva.<\/li>\n\n\n\n<li>Tradiciones ancestrales.<\/li>\n\n\n\n<li>R\u00edo Apur\u00edmac.<\/li>\n\n\n\n<li>Comunidades andinas.<\/li>\n\n\n\n<li>Miradores naturales.<\/li>\n<\/ul>\n\n<h2 class=\"wp-block-heading\"><strong>6. Glaciar Quelccaya<\/strong><\/h2>\n\n<div class=\"wp-block-media-text is-stacked-on-mobile\"><figure class=\"wp-block-media-text__media\"><img loading=\"lazy\" decoding=\"async\" width=\"1024\" height=\"400\" src=\"https:\/\/viajespachacutec.com\/wp-content\/uploads\/2026\/08\/quellcaya-1-1024x400.jpg\" alt=\"\" class=\"wp-image-3019 size-full\" srcset=\"https:\/\/viajespachacutec.com\/wp-content\/uploads\/2026\/08\/quellcaya-1-1024x400.jpg 1024w, https:\/\/viajespachacutec.com\/wp-content\/uploads\/2026\/08\/quellcaya-1-300x117.jpg 300w, https:\/\/viajespachacutec.com\/wp-content\/uploads\/2026\/08\/quellcaya-1-768x300.jpg 768w, https:\/\/viajespachacutec.com\/wp-content\/uploads\/2026\/08\/quellcaya-1-1536x600.jpg 1536w, https:\/\/viajespachacutec.com\/wp-content\/uploads\/2026\/08\/quellcaya-1-600x234.jpg 600w, https:\/\/viajespachacutec.com\/wp-content\/uploads\/2026\/08\/quellcaya-1.jpg 1920w\" sizes=\"(max-width: 1024px) 100vw, 1024px\" \/><\/figure><div class=\"wp-block-media-text__content\">\n<p class=\"wp-block-paragraph\"><strong>Informaci\u00f3n general<\/strong><\/p>\n\n\n\n<ul class=\"wp-block-list\">\n<li><strong>Altitud: <\/strong>M\u00e1s de 5,000 msnm.<\/li>\n\n\n\n<li><strong>Duraci\u00f3n:<\/strong> D\u00eda completo.<\/li>\n\n\n\n<li><strong>Distancia de caminata: <\/strong>Aproximadamente 5 km ida y vuelta.<\/li>\n\n\n\n<li><strong>Tiempo de caminata:<\/strong> Entre 1 hora 30 minutos y 2 horas.<\/li>\n\n\n\n<li><strong>Nivel de dificultad: <\/strong>Moderado &#8211; Alto.<\/li>\n<\/ul>\n<\/div><\/div>\n\n<p class=\"wp-block-paragraph\">El Quelccaya es considerado el glaciar tropical m\u00e1s grande del mundo y uno de los escenarios naturales m\u00e1s impresionantes del sur del Per\u00fa.<\/p>\n\n<p class=\"wp-block-paragraph\"><strong>\u00bfQui\u00e9nes pueden realizar este tour?<\/strong><\/p>\n\n<p class=\"wp-block-paragraph\">Recomendado para viajeros con buena condici\u00f3n f\u00edsica y experiencia en caminatas en altura.<\/p>\n\n<p class=\"wp-block-paragraph\"><strong>\u00bfSe pueden alquilar caballos o motos?<\/strong> no <\/p>\n\n<p class=\"wp-block-paragraph\"><strong>Tarifas de ingreso<\/strong><\/p>\n\n<ul class=\"wp-block-list\">\n<li><strong>Caballo:<\/strong> S\/ 80 a S\/ 120<\/li>\n\n\n\n<li><strong>Peruano:<\/strong> S\/ 15<\/li>\n<\/ul>\n\n<p class=\"wp-block-paragraph\"><strong>Lo mejor del recorrido<\/strong><\/p>\n\n<ul class=\"wp-block-list\">\n<li>Glaciar tropical.<\/li>\n\n\n\n<li>Lagunas glaciares.<\/li>\n\n\n\n<li>Paisajes \u00fanicos.<\/li>\n\n\n\n<li>Fauna altoandina<\/li>\n<\/ul>\n\n<h2 class=\"wp-block-heading\"><strong>7. Siete Lagunas del Ausangate<\/strong><\/h2>\n\n<div class=\"wp-block-media-text is-stacked-on-mobile\"><figure class=\"wp-block-media-text__media\"><img loading=\"lazy\" decoding=\"async\" width=\"1024\" height=\"871\" src=\"https:\/\/viajespachacutec.com\/wp-content\/uploads\/2026\/08\/siete-lagunas-1.jpg\" alt=\"\" class=\"wp-image-3020 size-full\" srcset=\"https:\/\/viajespachacutec.com\/wp-content\/uploads\/2026\/08\/siete-lagunas-1.jpg 1024w, https:\/\/viajespachacutec.com\/wp-content\/uploads\/2026\/08\/siete-lagunas-1-300x255.jpg 300w, https:\/\/viajespachacutec.com\/wp-content\/uploads\/2026\/08\/siete-lagunas-1-768x653.jpg 768w, https:\/\/viajespachacutec.com\/wp-content\/uploads\/2026\/08\/siete-lagunas-1-600x510.jpg 600w\" sizes=\"(max-width: 1024px) 100vw, 1024px\" \/><\/figure><div class=\"wp-block-media-text__content\">\n<p class=\"wp-block-paragraph\"><strong>Informaci\u00f3n general<\/strong><\/p>\n\n\n\n<ul class=\"wp-block-list\">\n<li><strong>Altitud: <\/strong>Entre 4,300 y 4,700 msnm.<\/li>\n\n\n\n<li><strong>Duraci\u00f3n:<\/strong> D\u00eda completo.<\/li>\n\n\n\n<li><strong>Distancia de caminata:<\/strong> Aproximadamente 10 km.<\/li>\n\n\n\n<li>Tiempo de caminata: Entre 5 y 6 horas.<\/li>\n\n\n\n<li><strong>Nivel de dificultad: <\/strong>Moderado.<\/li>\n<\/ul>\n<\/div><\/div>\n\n<p class=\"wp-block-paragraph\">Las Siete Lagunas del Ausangate conforman uno de los paisajes m\u00e1s espectaculares de la Cordillera Vilcanota.<\/p>\n\n<p class=\"wp-block-paragraph\">Durante el recorrido se visitan lagunas de diferentes tonalidades rodeadas por el imponente nevado Ausangate.<\/p>\n\n<p class=\"wp-block-paragraph\"><strong>\u00bfQui\u00e9nes pueden realizar este tour?<\/strong><\/p>\n\n<p class=\"wp-block-paragraph\">Ideal para viajeros que disfrutan del senderismo y la naturaleza.<\/p>\n\n<p class=\"wp-block-paragraph\">Se recomienda aclimataci\u00f3n previa.<\/p>\n\n<p class=\"wp-block-paragraph\"><strong>\u00bfSe pueden alquilar caballos?<\/strong> si, Las comunidades ofrecen caballos durante el recorrido. <\/p>\n\n<p class=\"wp-block-paragraph\"><strong>Precio aproximado:<\/strong> S\/ 100 a S\/ 150<\/p>\n\n<p class=\"wp-block-paragraph\"><strong>Tarifas de ingreso<\/strong><\/p>\n\n<ul class=\"wp-block-list\">\n<li>Extranjero: S\/ 20<\/li>\n\n\n\n<li><strong>Peruano:<\/strong> S\/ 10<\/li>\n<\/ul>\n\n<p class=\"wp-block-paragraph\"><strong>Lo mejor del recorrido<\/strong><\/p>\n\n<ul class=\"wp-block-list\">\n<li>Siete lagunas glaciares.<\/li>\n\n\n\n<li>Nevado Ausangate.<\/li>\n\n\n\n<li>Alpacas, llamas y vicu\u00f1as.<\/li>\n\n\n\n<li>Ba\u00f1os termales (seg\u00fan el itinerario).<\/li>\n\n\n\n<li>Paisajes ideales para fotograf\u00eda.<\/li>\n<\/ul>\n\n<p class=\"wp-block-paragraph\"><strong>\u00bfCu\u00e1l es la mejor \u00e9poca para realizar estos tours?<\/strong><\/p>\n\n<p class=\"wp-block-paragraph\">La temporada seca, entre abril y octubre, ofrece las mejores condiciones para recorrer estos destinos gracias a los cielos despejados y la menor probabilidad de lluvias.<\/p>\n\n<p class=\"wp-block-paragraph\">Durante la temporada de lluvias, de noviembre a marzo, los paisajes se vuelven m\u00e1s verdes y las lagunas lucen con mayor caudal, aunque algunos caminos pueden ser m\u00e1s exigentes debido al barro. <\/p>\n\n<p class=\"wp-block-paragraph\"><strong>Consejos antes de realizar un tour alternativo<\/strong><\/p>\n\n<ul class=\"wp-block-list\">\n<li>Permanece al menos dos d\u00edas en Cusco antes de realizar excursiones de alta monta\u00f1a.<\/li>\n\n\n\n<li>Lleva ropa de abrigo y una casaca impermeable.<\/li>\n\n\n\n<li>Usa zapatos de trekking con buena tracci\u00f3n.<\/li>\n\n\n\n<li>Aplica protector solar y utiliza lentes de sol.<\/li>\n\n\n\n<li>Lleva agua y algunos snacks energ\u00e9ticos.<\/li>\n\n\n\n<li>Consulta el estado del clima antes de viajar.<\/li>\n\n\n\n<li>Respeta las comunidades locales y no dejes residuos en los caminos.<\/li>\n<\/ul>\n\n<p class=\"wp-block-paragraph\"><\/p>\n\n<p class=\"wp-block-paragraph\"><\/p>\n","protected":false},"excerpt":{"rendered":"<p>Cuando pensamos en Cusco, lo primero que viene a la mente suele ser Machu Picchu. Sin embargo, la antigua capital [&hellip;]<\/p>\n","protected":false},"author":1,"featured_media":3032,"comment_status":"open","ping_status":"open","sticky":false,"template":"","format":"standard","meta":{"site-sidebar-layout":"default","site-content-layout":"","ast-site-content-layout":"default","site-content-style":"default","site-sidebar-style":"default","ast-global-header-display":"","ast-banner-title-visibility":"","ast-main-header-display":"","ast-hfb-above-header-display":"","ast-hfb-below-header-display":"","ast-hfb-mobile-header-display":"","site-post-title":"","ast-breadcrumbs-content":"","ast-featured-img":"","footer-sml-layout":"","ast-disable-related-posts":"","theme-transparent-header-meta":"","adv-header-id-meta":"","stick-header-meta":"","header-above-stick-meta":"","header-main-stick-meta":"","header-below-stick-meta":"","astra-migrate-meta-layouts":"default","ast-page-background-enabled":"default","ast-page-background-meta":{"desktop":{"background-color":"var(--ast-global-color-5)","background-image":"","background-repeat":"repeat","background-position":"center center","background-size":"auto","background-attachment":"scroll","background-type":"","background-media":"","overlay-type":"","overlay-color":"","overlay-opacity":"","overlay-gradient":""},"tablet":{"background-color":"","background-image":"","background-repeat":"repeat","background-position":"center center","background-size":"auto","background-attachment":"scroll","background-type":"","background-media":"","overlay-type":"","overlay-color":"","overlay-opacity":"","overlay-gradient":""},"mobile":{"background-color":"","background-image":"","background-repeat":"repeat","background-position":"center center","background-size":"auto","background-attachment":"scroll","background-type":"","background-media":"","overlay-type":"","overlay-color":"","overlay-opacity":"","overlay-gradient":""}},"ast-content-background-meta":{"desktop":{"background-color":"var(--ast-global-color-4)","background-image":"","background-repeat":"repeat","background-position":"center center","background-size":"auto","background-attachment":"scroll","background-type":"","background-media":"","overlay-type":"","overlay-color":"","overlay-opacity":"","overlay-gradient":""},"tablet":{"background-color":"var(--ast-global-color-4)","background-image":"","background-repeat":"repeat","background-position":"center center","background-size":"auto","background-attachment":"scroll","background-type":"","background-media":"","overlay-type":"","overlay-color":"","overlay-opacity":"","overlay-gradient":""},"mobile":{"background-color":"var(--ast-global-color-4)","background-image":"","background-repeat":"repeat","background-position":"center center","background-size":"auto","background-attachment":"scroll","background-type":"","background-media":"","overlay-type":"","overlay-color":"","overlay-opacity":"","overlay-gradient":""}},"footnotes":""},"categories":[88],"tags":[],"class_list":["post-3033","post","type-post","status-publish","format-standard","has-post-thumbnail","hentry","category-blog"],"_links":{"self":[{"href":"https:\/\/viajespachacutec.com\/es\/wp-json\/wp\/v2\/posts\/3033","targetHints":{"allow":["GET"]}}],"collection":[{"href":"https:\/\/viajespachacutec.com\/es\/wp-json\/wp\/v2\/posts"}],"about":[{"href":"https:\/\/viajespachacutec.com\/es\/wp-json\/wp\/v2\/types\/post"}],"author":[{"embeddable":true,"href":"https:\/\/viajespachacutec.com\/es\/wp-json\/wp\/v2\/users\/1"}],"replies":[{"embeddable":true,"href":"https:\/\/viajespachacutec.com\/es\/wp-json\/wp\/v2\/comments?post=3033"}],"version-history":[{"count":3,"href":"https:\/\/viajespachacutec.com\/es\/wp-json\/wp\/v2\/posts\/3033\/revisions"}],"predecessor-version":[{"id":3040,"href":"https:\/\/viajespachacutec.com\/es\/wp-json\/wp\/v2\/posts\/3033\/revisions\/3040"}],"wp:featuredmedia":[{"embeddable":true,"href":"https:\/\/viajespachacutec.com\/es\/wp-json\/wp\/v2\/media\/3032"}],"wp:attachment":[{"href":"https:\/\/viajespachacutec.com\/es\/wp-json\/wp\/v2\/media?parent=3033"}],"wp:term":[{"taxonomy":"category","embeddable":true,"href":"https:\/\/viajespachacutec.com\/es\/wp-json\/wp\/v2\/categories?post=3033"},{"taxonomy":"post_tag","embeddable":true,"href":"https:\/\/viajespachacutec.com\/es\/wp-json\/wp\/v2\/tags?post=3033"}],"curies":[{"name":"wp","href":"https:\/\/api.w.org\/{rel}","templated":true}]}}