{"id":3049,"date":"2026-08-08T11:09:39","date_gmt":"2026-08-08T16:09:39","guid":{"rendered":"https:\/\/viajespachacutec.com\/guia-definitivo-sobre-os-bilhetes-de-entrada-turistica-em-cusco-qual-bilhete-voce-precisa-para-cada-passeio\/"},"modified":"2026-08-22T15:21:47","modified_gmt":"2026-08-22T20:21:47","slug":"guia-definitivo-sobre-os-bilhetes-de-entrada-turistica-em-cusco-qual-bilhete-voce-precisa-para-cada-passeio","status":"publish","type":"post","link":"https:\/\/viajespachacutec.com\/pt-br\/guia-definitivo-sobre-os-bilhetes-de-entrada-turistica-em-cusco-qual-bilhete-voce-precisa-para-cada-passeio\/","title":{"rendered":"Guia Definitivo sobre os Bilhetes de Entrada Tur\u00edstica em Cusco: Qual Bilhete Voc\u00ea Precisa para Cada Passeio?"},"content":{"rendered":"\n<p class=\"wp-block-paragraph\">Quando pensamos em Cusco, a primeira coisa que geralmente vem \u00e0 mente \u00e9 Machu Picchu. No entanto, a antiga capital do Imp\u00e9rio Inca \u00e9 muito mais do que uma das maravilhas do mundo. Seus arredores abrigam montanhas coloridas, lagos glaciais, fortalezas incas escondidas entre c\u00e2nions, pontes ancestrais constru\u00eddas utilizando t\u00e9cnicas antigas e paisagens naturais de tirar o f\u00f4lego, que impressionam at\u00e9 os viajantes mais experientes.  <\/p>\n\n<p class=\"wp-block-paragraph\">Nos \u00faltimos anos, esses destinos se tornaram alguns dos passeios mais procurados por aqueles que desejam vivenciar experi\u00eancias \u00fanicas, longe dos circuitos tur\u00edsticos tradicionais, enquanto se conectam com a natureza e as comunidades andinas.<\/p>\n\n<p class=\"wp-block-paragraph\">Neste guia, voc\u00ea descobrir\u00e1 tudo o que precisa saber sobre os principais passeios alternativos de Cusco, seu n\u00edvel de dificuldade, a melhor \u00e9poca para visit\u00e1-los e como escolher a excurs\u00e3o ideal de acordo com o tempo dispon\u00edvel e sua condi\u00e7\u00e3o f\u00edsica.<\/p>\n\n<p class=\"wp-block-paragraph\"><strong><strong>O que s\u00e3o os passeios alternativos em Cusco?<\/strong><\/strong><\/p>\n\n<p class=\"wp-block-paragraph\">Os passeios alternativos s\u00e3o excurs\u00f5es que complementam a visita tradicional a Cusco, ao Vale Sagrado e a Machu Picchu. Eles se caracterizam por oferecer experi\u00eancias focadas em aventura, natureza, cultura viva e paisagens montanhosas de alta altitude. <\/p>\n\n<p class=\"wp-block-paragraph\">A maioria desses passeios dura um dia inteiro, parte muito cedo da cidade de Cusco e retorna no final da tarde ou \u00e0 noite. Como muitos desses destinos est\u00e3o localizados acima de 4.000 metros (13.123 p\u00e9s) acima do n\u00edvel do mar, recomenda-se realizar esses passeios somente ap\u00f3s passar pelo menos dois dias se aclimatando na cidade. <\/p>\n\n<p class=\"wp-block-paragraph\"><strong>Por que cada vez mais viajantes est\u00e3o escolhendo esses passeios?<\/strong><\/p>\n\n<p class=\"wp-block-paragraph\">Os visitantes est\u00e3o cada vez mais interessados em descobrir lugares menos movimentados e desfrutar de experi\u00eancias aut\u00eanticas. Al\u00e9m de suas paisagens de tirar o f\u00f4lego, essas excurs\u00f5es oferecem a oportunidade de conhecer comunidades andinas, observar a fauna local e explorar ambientes naturais que preservaram grande parte de sua beleza original. <\/p>\n\n<p class=\"wp-block-paragraph\">Entre suas principais vantagens est\u00e3o:<\/p>\n\n<ul class=\"wp-block-list\">\n<li>Paisagens \u00fanicas das montanhas dos Andes.<\/li>\n\n\n\n<li>Menos turistas em compara\u00e7\u00e3o com os destinos tradicionais.<\/li>\n\n\n\n<li>Contato direto com as comunidades locais.<\/li>\n\n\n\n<li>Ideal para os amantes de caminhadas e fotografia.<\/li>\n\n\n\n<li>Experi\u00eancias aut\u00eanticas que combinam natureza e cultura.<\/li>\n<\/ul>\n\n<h2 class=\"wp-block-heading\"><strong>1. Montanha de Cores (Vinicunca)<\/strong><\/h2>\n\n<div class=\"wp-block-media-text is-stacked-on-mobile\"><figure class=\"wp-block-media-text__media\"><img fetchpriority=\"high\" decoding=\"async\" width=\"1024\" height=\"683\" src=\"https:\/\/viajespachacutec.com\/wp-content\/uploads\/2026\/08\/montana-de-colores-2-1024x683.jpg\" alt=\"\" class=\"wp-image-3014 size-full\" srcset=\"https:\/\/viajespachacutec.com\/wp-content\/uploads\/2026\/08\/montana-de-colores-2-1024x683.jpg 1024w, https:\/\/viajespachacutec.com\/wp-content\/uploads\/2026\/08\/montana-de-colores-2-300x200.jpg 300w, https:\/\/viajespachacutec.com\/wp-content\/uploads\/2026\/08\/montana-de-colores-2-768x512.jpg 768w, https:\/\/viajespachacutec.com\/wp-content\/uploads\/2026\/08\/montana-de-colores-2-1536x1025.jpg 1536w, https:\/\/viajespachacutec.com\/wp-content\/uploads\/2026\/08\/montana-de-colores-2-600x400.jpg 600w, https:\/\/viajespachacutec.com\/wp-content\/uploads\/2026\/08\/montana-de-colores-2.jpg 2048w\" sizes=\"(max-width: 1024px) 100vw, 1024px\" \/><\/figure><div class=\"wp-block-media-text__content\">\n<p class=\"wp-block-paragraph\"><strong>Informa\u00e7\u00f5es gerais<\/strong><\/p>\n\n\n\n<ul class=\"wp-block-list\">\n<li><strong>Altitude:<\/strong> 5.036 metros acima do n\u00edvel do mar.<\/li>\n\n\n\n<li><strong>Dura\u00e7\u00e3o do passeio:<\/strong> Dia inteiro (12 a 14 horas).<\/li>\n\n\n\n<li>Dist\u00e2ncia da caminhada: Aproximadamente 4 km (2,5 milhas) ida e volta.<\/li>\n\n\n\n<li><strong>Dist\u00e2ncia da caminhada: <\/strong>Aproximadamente 4 km (2,5 milhas) ida e volta.<\/li>\n\n\n\n<li><strong>N\u00edvel de dificuldade: <\/strong>Moderado \u2013 Alto<\/li>\n<\/ul>\n<\/div><\/div>\n\n<p class=\"wp-block-paragraph\">A Montanha de Cores, tamb\u00e9m conhecida como Vinicunca, \u00e9 um dos destinos naturais mais famosos do Peru e um dos passeios mais procurados depois de Machu Picchu.<\/p>\n\n<p class=\"wp-block-paragraph\">Sua principal atra\u00e7\u00e3o s\u00e3o as impressionantes faixas coloridas formadas por minerais ao longo de milh\u00f5es de anos, criando uma paisagem diferente de qualquer outra no mundo.<\/p>\n\n<p class=\"wp-block-paragraph\"><strong>Quem pode fazer este passeio?<\/strong><\/p>\n\n<p class=\"wp-block-paragraph\">\u00c9 recomendado para viajantes entre aproximadamente 10 e 65 anos de idade, com boa condi\u00e7\u00e3o f\u00edsica, que tenham passado pelo menos 2 dias em Cusco para se aclimatar.<\/p>\n\n<p class=\"wp-block-paragraph\">N\u00e3o \u00e9 recomendado para pessoas com problemas card\u00edacos ou respirat\u00f3rios.<\/p>\n\n<p class=\"wp-block-paragraph\"><strong>\u00c9 poss\u00edvel alugar cavalos?<\/strong> Sim. As comunidades locais oferecem cavalos para uma grande parte da subida. <\/p>\n\n<ul class=\"wp-block-list\">\n<li><strong>Subida: <\/strong>S\/ 80 a S\/ 100 aproximadamente.<\/li>\n\n\n\n<li><strong>Ida e volta:<\/strong> S\/ 120 a S\/ 150. somente em dinheiro <\/li>\n<\/ul>\n\n<p class=\"wp-block-paragraph\">Os pre\u00e7os podem variar dependendo da temporada.<\/p>\n\n<p class=\"wp-block-paragraph\"><strong>Taxas de Entrada<\/strong><\/p>\n\n<ul class=\"wp-block-list\">\n<li>Visitantes estrangeiros: S\/ 30 em dinheiro<\/li>\n\n\n\n<li>Visitantes peruanos: S\/ 15 em dinheiro<\/li>\n<\/ul>\n\n<p class=\"wp-block-paragraph\"><strong>Recomenda\u00e7\u00f5es<\/strong><\/p>\n\n<ul class=\"wp-block-list\">\n<li>Use roupas t\u00e9rmicas.<\/li>\n\n\n\n<li>Use protetor solar.<\/li>\n\n\n\n<li>Leve um chap\u00e9u e luvas.<\/li>\n\n\n\n<li>Mantenha-se bem hidratado.<\/li>\n\n\n\n<li>Caminhe em um ritmo constante.<\/li>\n\n\n\n<li>N\u00e3o fa\u00e7a este passeio no seu primeiro dia em Cusco.<\/li>\n<\/ul>\n\n<h2 class=\"wp-block-heading\"><strong>2. Lagoa Humantay<\/strong><\/h2>\n\n<div class=\"wp-block-media-text is-stacked-on-mobile\"><figure class=\"wp-block-media-text__media\"><img decoding=\"async\" width=\"1024\" height=\"683\" src=\"https:\/\/viajespachacutec.com\/wp-content\/uploads\/2026\/08\/laguna-de-humantay-1-1024x683.jpg\" alt=\"\" class=\"wp-image-3015 size-full\" srcset=\"https:\/\/viajespachacutec.com\/wp-content\/uploads\/2026\/08\/laguna-de-humantay-1-1024x683.jpg 1024w, https:\/\/viajespachacutec.com\/wp-content\/uploads\/2026\/08\/laguna-de-humantay-1-300x200.jpg 300w, https:\/\/viajespachacutec.com\/wp-content\/uploads\/2026\/08\/laguna-de-humantay-1-768x512.jpg 768w, https:\/\/viajespachacutec.com\/wp-content\/uploads\/2026\/08\/laguna-de-humantay-1-1536x1025.jpg 1536w, https:\/\/viajespachacutec.com\/wp-content\/uploads\/2026\/08\/laguna-de-humantay-1-600x400.jpg 600w, https:\/\/viajespachacutec.com\/wp-content\/uploads\/2026\/08\/laguna-de-humantay-1.jpg 2000w\" sizes=\"(max-width: 1024px) 100vw, 1024px\" \/><\/figure><div class=\"wp-block-media-text__content\">\n<p class=\"wp-block-paragraph\"><strong>Informa\u00e7\u00f5es gerais<\/strong><\/p>\n\n\n\n<ul class=\"wp-block-list\">\n<li><strong>Altitude: <\/strong>4.200 metros acima do n\u00edvel do mar.<\/li>\n\n\n\n<li><strong>Dura\u00e7\u00e3o:<\/strong> Dia inteiro.<\/li>\n\n\n\n<li>Dist\u00e2ncia da caminhada: Aproximadamente 4 km (2,5 milhas) ida e volta.<\/li>\n\n\n\n<li><strong>Tempo de caminhada: <\/strong>Entre 1 e 2 horas de subida.<\/li>\n\n\n\n<li><strong>N\u00edvel de dificuldade:<\/strong> Moderado.<\/li>\n<\/ul>\n<\/div><\/div>\n\n<p class=\"wp-block-paragraph\">A Lagoa Humantay \u00e9 considerada uma das lagoas mais bonitas do Peru gra\u00e7as \u00e0 sua intensa cor turquesa<\/p>\n\n<p class=\"wp-block-paragraph\"><strong>Quem pode fazer este passeio?<\/strong><\/p>\n\n<p class=\"wp-block-paragraph\">Ideal para viajantes com um n\u00edvel m\u00e9dio de condicionamento f\u00edsico que tenham se aclimatado previamente.<\/p>\n\n<p class=\"wp-block-paragraph\">\u00c9 adequada para fam\u00edlias, embora os idosos devam avaliar sua condi\u00e7\u00e3o f\u00edsica.<\/p>\n\n<p class=\"wp-block-paragraph\"><strong>\u00c9 poss\u00edvel alugar cavalos?<\/strong> Sim. H\u00e1 cavalos dispon\u00edveis em Soraypampa. <\/p>\n\n<p class=\"wp-block-paragraph\"><strong>Pre\u00e7o aproximado:<\/strong><\/p>\n\n<ul class=\"wp-block-list\">\n<li><strong>Subida: <\/strong>S\/ 80 em dinheiro<\/li>\n\n\n\n<li><strong>Ida e volta:<\/strong> S\/ 120 em dinheiro<\/li>\n<\/ul>\n\n<p class=\"wp-block-paragraph\"><strong>Taxas de Entrada<\/strong><\/p>\n\n<ul class=\"wp-block-list\">\n<li>Visitantes estrangeiros: S\/ 20<\/li>\n\n\n\n<li>Visitantes peruanos: S\/ 10<\/li>\n<\/ul>\n\n<p class=\"wp-block-paragraph\"><strong>Os Destaques do Passeio<\/strong><\/p>\n\n<ul class=\"wp-block-list\">\n<li>Lagoa de cor turquesa.<\/li>\n\n\n\n<li>Montanha Humantay.<\/li>\n\n\n\n<li>Montanha Salkantay.<\/li>\n\n\n\n<li>Flora alto-andina.<\/li>\n\n\n\n<li>Excelente localiza\u00e7\u00e3o para fotografia.<\/li>\n<\/ul>\n\n<h2 class=\"wp-block-heading\"><strong>3. Pallcoyo, a Montanha de Cores Alternativa<\/strong><\/h2>\n\n<div class=\"wp-block-media-text is-stacked-on-mobile\"><figure class=\"wp-block-media-text__media\"><img decoding=\"async\" width=\"1024\" height=\"768\" src=\"https:\/\/viajespachacutec.com\/wp-content\/uploads\/2026\/08\/pallcoyo3-1024x768.jpg\" alt=\"\" class=\"wp-image-3016 size-full\" srcset=\"https:\/\/viajespachacutec.com\/wp-content\/uploads\/2026\/08\/pallcoyo3-1024x768.jpg 1024w, https:\/\/viajespachacutec.com\/wp-content\/uploads\/2026\/08\/pallcoyo3-300x225.jpg 300w, https:\/\/viajespachacutec.com\/wp-content\/uploads\/2026\/08\/pallcoyo3-768x576.jpg 768w, https:\/\/viajespachacutec.com\/wp-content\/uploads\/2026\/08\/pallcoyo3-1536x1152.jpg 1536w, https:\/\/viajespachacutec.com\/wp-content\/uploads\/2026\/08\/pallcoyo3-600x450.jpg 600w, https:\/\/viajespachacutec.com\/wp-content\/uploads\/2026\/08\/pallcoyo3.jpg 2048w\" sizes=\"(max-width: 1024px) 100vw, 1024px\" \/><\/figure><div class=\"wp-block-media-text__content\">\n<p class=\"wp-block-paragraph\"><strong>Informa\u00e7\u00f5es gerais<\/strong><\/p>\n\n\n\n<ul class=\"wp-block-list\">\n<li><strong>Altitude:<\/strong> 4.900 metros acima do n\u00edvel do mar.<\/li>\n\n\n\n<li><strong>Dura\u00e7\u00e3o:<\/strong> Dia inteiro.<\/li>\n\n\n\n<li><strong>Dist\u00e2ncia da caminhada: <\/strong>Aproximadamente 2 km (1,2 milhas) ida e volta.<\/li>\n\n\n\n<li><strong>Tempo de caminhada:<\/strong> 30 a 45 minutos.<\/li>\n\n\n\n<li><strong>N\u00edvel de dificuldade:<\/strong> Baixo a Moderado.<\/li>\n<\/ul>\n<\/div><\/div>\n\n<p class=\"wp-block-paragraph\">Pallcoyo \u00e9 a melhor alternativa para aqueles que querem desfrutar de montanhas coloridas sem precisar realizar uma caminhada exigente.<\/p>\n\n<p class=\"wp-block-paragraph\">Aqui, voc\u00ea pode observar v\u00e1rias montanhas multicoloridas espalhadas pela paisagem.<\/p>\n\n<p class=\"wp-block-paragraph\"><strong>Quem pode fazer este passeio?<\/strong><\/p>\n\n<p class=\"wp-block-paragraph\">Ideal para:<\/p>\n\n<ul class=\"wp-block-list\">\n<li>Fam\u00edlias.<\/li>\n\n\n\n<li>Idosos.<\/li>\n\n\n\n<li>Crian\u00e7as.<\/li>\n\n\n\n<li>Pessoas que querem evitar caminhadas longas.<\/li>\n<\/ul>\n\n<p class=\"wp-block-paragraph\"><strong>\u00c9 poss\u00edvel alugar cavalos?<\/strong> no <\/p>\n\n<p class=\"wp-block-paragraph\"><strong>Taxas de Entrada<\/strong><\/p>\n\n<ul class=\"wp-block-list\">\n<li><strong>Visitantes estrangeiros:<\/strong> S\/ 30<\/li>\n\n\n\n<li><strong>Visitantes peruanos:<\/strong> S\/ 15<\/li>\n<\/ul>\n\n<p class=\"wp-block-paragraph\"><strong>Por que escolher Pallcoyo?<\/strong><\/p>\n\n<ul class=\"wp-block-list\">\n<li>Caminhada curta.<\/li>\n\n\n\n<li>Pouco esfor\u00e7o f\u00edsico.<\/li>\n\n\n\n<li>Menos turistas.<\/li>\n\n\n\n<li>V\u00e1rios mirantes naturais.<\/li>\n\n\n\n<li>Floresta de pedras.<\/li>\n<\/ul>\n\n<h2 class=\"wp-block-heading\"><strong>4. Waqrapukara<\/strong><\/h2>\n\n<div class=\"wp-block-media-text is-stacked-on-mobile\"><figure class=\"wp-block-media-text__media\"><img loading=\"lazy\" decoding=\"async\" width=\"900\" height=\"900\" src=\"https:\/\/viajespachacutec.com\/wp-content\/uploads\/2026\/08\/waqrapukara2.jpg\" alt=\"\" class=\"wp-image-3017 size-full\" srcset=\"https:\/\/viajespachacutec.com\/wp-content\/uploads\/2026\/08\/waqrapukara2.jpg 900w, https:\/\/viajespachacutec.com\/wp-content\/uploads\/2026\/08\/waqrapukara2-300x300.jpg 300w, https:\/\/viajespachacutec.com\/wp-content\/uploads\/2026\/08\/waqrapukara2-150x150.jpg 150w, https:\/\/viajespachacutec.com\/wp-content\/uploads\/2026\/08\/waqrapukara2-768x768.jpg 768w, https:\/\/viajespachacutec.com\/wp-content\/uploads\/2026\/08\/waqrapukara2-600x600.jpg 600w, https:\/\/viajespachacutec.com\/wp-content\/uploads\/2026\/08\/waqrapukara2-100x100.jpg 100w\" sizes=\"(max-width: 900px) 100vw, 900px\" \/><\/figure><div class=\"wp-block-media-text__content\">\n<p class=\"wp-block-paragraph\"><strong>Informa\u00e7\u00f5es gerais<\/strong><\/p>\n\n\n\n<ul class=\"wp-block-list\">\n<li><strong>Altitude: <\/strong>4.300 metros acima do n\u00edvel do mar<\/li>\n\n\n\n<li><strong>Dura\u00e7\u00e3o:<\/strong> Dia inteiro.<\/li>\n\n\n\n<li><strong>Dist\u00e2ncia da caminhada:<\/strong> Entre 8 e 10 km (5 a 6,2 milhas) ida e volta, dependendo da rota.<\/li>\n\n\n\n<li><strong>Tempo de caminhada:<\/strong> 2 a 3 horas em cada sentido.<\/li>\n\n\n\n<li><strong>N\u00edvel de dificuldade:<\/strong> Moderado \u2013 Alto.<\/li>\n<\/ul>\n<\/div><\/div>\n\n<p class=\"wp-block-paragraph\">Waqrapukara \u00e9 uma impressionante fortaleza inca localizada no topo de enormes forma\u00e7\u00f5es rochosas com vista para profundos c\u00e2nions.<\/p>\n\n<p class=\"wp-block-paragraph\">Seu nome significa <strong>\u201cFortaleza em Forma de Chifre\u201d<\/strong>.<\/p>\n\n<p class=\"wp-block-paragraph\"><strong>Quem pode fazer este passeio?<\/strong> Recomendado para viajantes que est\u00e3o acostumados com caminhadas em montanhas.<\/p>\n\n<p class=\"wp-block-paragraph\"><strong>\u00c9 poss\u00edvel alugar cavalos?<\/strong> no<\/p>\n\n<p class=\"wp-block-paragraph\"><strong>Taxas de Entrada<\/strong><\/p>\n\n<ul class=\"wp-block-list\">\n<li>Visitantes estrangeiros: S\/ 20<\/li>\n\n\n\n<li>V<strong>isitantes peruanos: <\/strong> S\/ 10<\/li>\n<\/ul>\n\n<p class=\"wp-block-paragraph\"><strong>Destaques<\/strong><\/p>\n\n<ul class=\"wp-block-list\">\n<li>Arquitetura inca.<\/li>\n\n\n\n<li>Mirantes naturais.<\/li>\n\n\n\n<li>Mirantes naturais.<\/li>\n\n\n\n<li>Menos turistas.<\/li>\n<\/ul>\n\n<h2 class=\"wp-block-heading\"><strong>5. Ponte Inca Q\u2019eswachaka<\/strong><\/h2>\n\n<div class=\"wp-block-media-text is-stacked-on-mobile\"><figure class=\"wp-block-media-text__media\"><img loading=\"lazy\" decoding=\"async\" width=\"1024\" height=\"532\" src=\"https:\/\/viajespachacutec.com\/wp-content\/uploads\/2026\/08\/queswachaca1-1024x532.jpg\" alt=\"\" class=\"wp-image-3018 size-full\" srcset=\"https:\/\/viajespachacutec.com\/wp-content\/uploads\/2026\/08\/queswachaca1-1024x532.jpg 1024w, https:\/\/viajespachacutec.com\/wp-content\/uploads\/2026\/08\/queswachaca1-300x156.jpg 300w, https:\/\/viajespachacutec.com\/wp-content\/uploads\/2026\/08\/queswachaca1-768x399.jpg 768w, https:\/\/viajespachacutec.com\/wp-content\/uploads\/2026\/08\/queswachaca1-600x312.jpg 600w, https:\/\/viajespachacutec.com\/wp-content\/uploads\/2026\/08\/queswachaca1.jpg 1185w\" sizes=\"(max-width: 1024px) 100vw, 1024px\" \/><\/figure><div class=\"wp-block-media-text__content\">\n<p class=\"wp-block-paragraph\"><strong>Informa\u00e7\u00f5es gerais<\/strong><\/p>\n\n\n\n<ul class=\"wp-block-list\">\n<li><strong>Altitude:<\/strong> 3.700 metros acima do n\u00edvel do mar.<\/li>\n\n\n\n<li><strong>Dura\u00e7\u00e3o:<\/strong> Dia inteiro.<\/li>\n\n\n\n<li><strong>Dist\u00e2ncia da caminhada:<\/strong> Menos de 2 km (1,2 milhas).<\/li>\n\n\n\n<li><strong>N\u00edvel de dificuldade:<\/strong> Baixo.<\/li>\n<\/ul>\n<\/div><\/div>\n\n<p class=\"wp-block-paragraph\">A Ponte Q\u2019eswachaka \u00e9 a \u00faltima ponte suspensa inca constru\u00edda inteiramente com fibra vegetal.<\/p>\n\n<p class=\"wp-block-paragraph\">Todos os anos, ela \u00e9 reconstru\u00edda por quatro comunidades locais utilizando t\u00e9cnicas ancestrais reconhecidas pela UNESCO como Patrim\u00f4nio Cultural Imaterial da Humanidade.<\/p>\n\n<p class=\"wp-block-paragraph\"><strong>Quem pode fazer este passeio?<\/strong><\/p>\n\n<p class=\"wp-block-paragraph\">\u00c9 adequada para:<\/p>\n\n<ul class=\"wp-block-list\">\n<li>Crian\u00e7as.<\/li>\n\n\n\n<li>Idosos.<\/li>\n\n\n\n<li>Fam\u00edlias.<\/li>\n\n\n\n<li>Pessoas com pouca experi\u00eancia em caminhadas.<\/li>\n<\/ul>\n\n<p class=\"wp-block-paragraph\"><strong><strong>\u00c9 poss\u00edvel alugar cavalos?<\/strong><\/strong> It is not necessary due to the short hike.<\/p>\n\n<p class=\"wp-block-paragraph\"><strong>Taxas de Entrada<\/strong><\/p>\n\n<ul class=\"wp-block-list\">\n<li><strong>Visitantes estrangeiros: <\/strong>S\/ 20<\/li>\n\n\n\n<li><strong>Visitantes peruanos:<\/strong> S\/ 10<\/li>\n<\/ul>\n\n<p class=\"wp-block-paragraph\"><strong>Destaques<\/strong><\/p>\n\n<ul class=\"wp-block-list\">\n<li>Hist\u00f3ria viva.<\/li>\n\n\n\n<li>Tradi\u00e7\u00f5es ancestrais.<\/li>\n\n\n\n<li>Rio Apur\u00edmac.<\/li>\n\n\n\n<li>Comunidades andinas.<\/li>\n\n\n\n<li>Mirantes naturais.<\/li>\n<\/ul>\n\n<h2 class=\"wp-block-heading\"><strong>6. Glaciar Quelccaya<\/strong><\/h2>\n\n<div class=\"wp-block-media-text is-stacked-on-mobile\"><figure class=\"wp-block-media-text__media\"><img loading=\"lazy\" decoding=\"async\" width=\"1024\" height=\"400\" src=\"https:\/\/viajespachacutec.com\/wp-content\/uploads\/2026\/08\/quellcaya-1-1024x400.jpg\" alt=\"\" class=\"wp-image-3019 size-full\" srcset=\"https:\/\/viajespachacutec.com\/wp-content\/uploads\/2026\/08\/quellcaya-1-1024x400.jpg 1024w, https:\/\/viajespachacutec.com\/wp-content\/uploads\/2026\/08\/quellcaya-1-300x117.jpg 300w, https:\/\/viajespachacutec.com\/wp-content\/uploads\/2026\/08\/quellcaya-1-768x300.jpg 768w, https:\/\/viajespachacutec.com\/wp-content\/uploads\/2026\/08\/quellcaya-1-1536x600.jpg 1536w, https:\/\/viajespachacutec.com\/wp-content\/uploads\/2026\/08\/quellcaya-1-600x234.jpg 600w, https:\/\/viajespachacutec.com\/wp-content\/uploads\/2026\/08\/quellcaya-1.jpg 1920w\" sizes=\"(max-width: 1024px) 100vw, 1024px\" \/><\/figure><div class=\"wp-block-media-text__content\">\n<p class=\"wp-block-paragraph\"><strong>Informa\u00e7\u00f5es gerais<\/strong><\/p>\n\n\n\n<ul class=\"wp-block-list\">\n<li><strong>Altitude: <\/strong>Mais de 5.000 metros acima do n\u00edvel do mar.<\/li>\n\n\n\n<li><strong>Dura\u00e7\u00e3o:<\/strong> Dia inteiro.<\/li>\n\n\n\n<li><strong>Hiking distance:<\/strong> Approximately 5 km (3.1 miles) round trip.<\/li>\n\n\n\n<li><strong>Dist\u00e2ncia da caminhada:<\/strong> Aproximadamente 5 km (3,1 milhas) ida e volta<\/li>\n\n\n\n<li><strong>N\u00edvel de dificuldade:<\/strong> Moderado \u2013 Alto.<\/li>\n<\/ul>\n<\/div><\/div>\n\n<p class=\"wp-block-paragraph\">Quelccaya \u00e9 considerado o maior glaciar tropical do mundo e uma das paisagens naturais mais impressionantes do sul do Peru.<\/p>\n\n<p class=\"wp-block-paragraph\"><strong>Quem pode fazer este passeio?<\/strong><\/p>\n\n<p class=\"wp-block-paragraph\">Recomendado para viajantes com boa condi\u00e7\u00e3o f\u00edsica e experi\u00eancia em caminhadas em alta altitude.<\/p>\n\n<p class=\"wp-block-paragraph\"><strong>\u00c9 poss\u00edvel alugar cavalos ou motocicletas?<\/strong> no <\/p>\n\n<p class=\"wp-block-paragraph\"><strong>Taxas de Entrada<\/strong><\/p>\n\n<ul class=\"wp-block-list\">\n<li><strong>Visitantes estrangeiros:<\/strong> S\/ 30<\/li>\n\n\n\n<li><strong>Visitantes peruanos:<\/strong> S\/ 15<\/li>\n<\/ul>\n\n<p class=\"wp-block-paragraph\"><strong>Os Destaques do Passeio<\/strong><\/p>\n\n<ul class=\"wp-block-list\">\n<li>Glaciar tropical.<\/li>\n\n\n\n<li>Lagos glaciais.<\/li>\n\n\n\n<li>Paisagens \u00fanicas.<\/li>\n\n\n\n<li>Fauna alto-andina.<\/li>\n<\/ul>\n\n<h2 class=\"wp-block-heading\"><strong>7. Sete Lagoas de Ausangate<\/strong><\/h2>\n\n<div class=\"wp-block-media-text is-stacked-on-mobile\"><figure class=\"wp-block-media-text__media\"><img loading=\"lazy\" decoding=\"async\" width=\"1024\" height=\"871\" src=\"https:\/\/viajespachacutec.com\/wp-content\/uploads\/2026\/08\/siete-lagunas-1.jpg\" alt=\"\" class=\"wp-image-3020 size-full\" srcset=\"https:\/\/viajespachacutec.com\/wp-content\/uploads\/2026\/08\/siete-lagunas-1.jpg 1024w, https:\/\/viajespachacutec.com\/wp-content\/uploads\/2026\/08\/siete-lagunas-1-300x255.jpg 300w, https:\/\/viajespachacutec.com\/wp-content\/uploads\/2026\/08\/siete-lagunas-1-768x653.jpg 768w, https:\/\/viajespachacutec.com\/wp-content\/uploads\/2026\/08\/siete-lagunas-1-600x510.jpg 600w\" sizes=\"(max-width: 1024px) 100vw, 1024px\" \/><\/figure><div class=\"wp-block-media-text__content\">\n<p class=\"wp-block-paragraph\"><strong>Informa\u00e7\u00f5es gerais<\/strong><\/p>\n\n\n\n<ul class=\"wp-block-list\">\n<li><strong>Altitude:<\/strong> Entre 4.300 e 4.700 metros acima do n\u00edvel do mar.<\/li>\n\n\n\n<li><strong>Dura\u00e7\u00e3o:<\/strong> Dia inteiro.<\/li>\n\n\n\n<li><strong>Dist\u00e2ncia da caminhada:<\/strong> Aproximadamente 10 km (6,2 milhas).<\/li>\n\n\n\n<li><strong>Tempo de caminhada:<\/strong> Entre 5 e 6 horas.<\/li>\n\n\n\n<li><strong>N\u00edvel de dificuldade:<\/strong> Moderado.<\/li>\n<\/ul>\n<\/div><\/div>\n\n<p class=\"wp-block-paragraph\">As Sete Lagoas de Ausangate formam uma das paisagens mais espetaculares da Cordilheira de Vilcanota.<\/p>\n\n<p class=\"wp-block-paragraph\">Durante o passeio, voc\u00ea visitar\u00e1 lagoas de diferentes cores cercadas pela majestosa Montanha Ausangate.<\/p>\n\n<p class=\"wp-block-paragraph\"><strong>Quem pode fazer este passeio?<\/strong><\/p>\n\n<p class=\"wp-block-paragraph\">Ideal para viajantes que gostam de caminhadas e natureza.<\/p>\n\n<p class=\"wp-block-paragraph\">Recomenda-se uma aclimata\u00e7\u00e3o pr\u00e9via.<\/p>\n\n<p class=\"wp-block-paragraph\"><strong>\u00c9 poss\u00edvel alugar cavalos?<\/strong> Sim. As comunidades locais oferecem cavalos durante o passeio. <\/p>\n\n<p class=\"wp-block-paragraph\"><strong>Pre\u00e7o aproximado: <\/strong>S\/ 100 a S\/ 150 somente em dinheiro<\/p>\n\n<p class=\"wp-block-paragraph\"><strong>Taxas de Entrada<\/strong><\/p>\n\n<ul class=\"wp-block-list\">\n<li>Visitantes estrangeiros: S\/ 20<\/li>\n\n\n\n<li><strong>Visitantes peruanos:<\/strong> S\/ 10<\/li>\n<\/ul>\n\n<p class=\"wp-block-paragraph\"><strong>Os Destaques do Passeio<\/strong><\/p>\n\n<ul class=\"wp-block-list\">\n<li>Sete lagoas glaciais.<\/li>\n\n\n\n<li>Montanha Ausangate.<\/li>\n\n\n\n<li>Alpacas, lhamas e vicunhas.<\/li>\n\n\n\n<li>\u00c1guas termais (dependendo do itiner\u00e1rio).<\/li>\n\n\n\n<li>Paisagens ideais para fotografia.<\/li>\n<\/ul>\n\n<p class=\"wp-block-paragraph\"><strong>Qual \u00e9 a Melhor \u00c9poca do Ano para Fazer Esses Passeios?<\/strong><\/p>\n\n<p class=\"wp-block-paragraph\">A esta\u00e7\u00e3o seca, de abril a outubro, oferece as melhores condi\u00e7\u00f5es para explorar esses destinos, gra\u00e7as aos c\u00e9us limpos e \u00e0 menor probabilidade de chuva.<\/p>\n\n<p class=\"wp-block-paragraph\">Durante a esta\u00e7\u00e3o chuvosa, de novembro a mar\u00e7o, as paisagens ficam mais verdes e as lagoas apresentam um n\u00edvel de \u00e1gua mais elevado. No entanto, algumas trilhas podem ser mais desafiadoras devido \u00e0s condi\u00e7\u00f5es de lama. <\/p>\n\n<p class=\"wp-block-paragraph\"><strong>Dicas Antes de Fazer um Passeio Alternativo<\/strong><\/p>\n\n<ul class=\"wp-block-list\">\n<li>Fique pelo menos dois dias em Cusco antes de fazer excurs\u00f5es de alta altitude.<\/li>\n\n\n\n<li>Leve roupas quentes e uma jaqueta imperme\u00e1vel.<\/li>\n\n\n\n<li>Use cal\u00e7ados de trekking com boa ader\u00eancia<\/li>\n\n\n\n<li>Passe protetor solar e use \u00f3culos de sol.<\/li>\n\n\n\n<li>Leve \u00e1gua e alguns lanches energ\u00e9ticos.<\/li>\n\n\n\n<li>Verifique as condi\u00e7\u00f5es clim\u00e1ticas antes de viajar.<\/li>\n\n\n\n<li>Respeite as comunidades locais e n\u00e3o deixe nenhum res\u00edduo nas trilhas.<\/li>\n<\/ul>\n\n<p class=\"wp-block-paragraph\"><\/p>\n\n<p class=\"wp-block-paragraph\"><\/p>\n","protected":false},"excerpt":{"rendered":"<p>Quando pensamos em Cusco, a primeira coisa que geralmente vem \u00e0 mente \u00e9 Machu Picchu. No entanto, a antiga capital [&hellip;]<\/p>\n","protected":false},"author":1,"featured_media":3048,"comment_status":"open","ping_status":"open","sticky":false,"template":"","format":"standard","meta":{"site-sidebar-layout":"default","site-content-layout":"","ast-site-content-layout":"default","site-content-style":"default","site-sidebar-style":"default","ast-global-header-display":"","ast-banner-title-visibility":"","ast-main-header-display":"","ast-hfb-above-header-display":"","ast-hfb-below-header-display":"","ast-hfb-mobile-header-display":"","site-post-title":"","ast-breadcrumbs-content":"","ast-featured-img":"","footer-sml-layout":"","ast-disable-related-posts":"","theme-transparent-header-meta":"","adv-header-id-meta":"","stick-header-meta":"","header-above-stick-meta":"","header-main-stick-meta":"","header-below-stick-meta":"","astra-migrate-meta-layouts":"default","ast-page-background-enabled":"default","ast-page-background-meta":{"desktop":{"background-color":"var(--ast-global-color-5)","background-image":"","background-repeat":"repeat","background-position":"center center","background-size":"auto","background-attachment":"scroll","background-type":"","background-media":"","overlay-type":"","overlay-color":"","overlay-opacity":"","overlay-gradient":""},"tablet":{"background-color":"","background-image":"","background-repeat":"repeat","background-position":"center center","background-size":"auto","background-attachment":"scroll","background-type":"","background-media":"","overlay-type":"","overlay-color":"","overlay-opacity":"","overlay-gradient":""},"mobile":{"background-color":"","background-image":"","background-repeat":"repeat","background-position":"center center","background-size":"auto","background-attachment":"scroll","background-type":"","background-media":"","overlay-type":"","overlay-color":"","overlay-opacity":"","overlay-gradient":""}},"ast-content-background-meta":{"desktop":{"background-color":"var(--ast-global-color-4)","background-image":"","background-repeat":"repeat","background-position":"center center","background-size":"auto","background-attachment":"scroll","background-type":"","background-media":"","overlay-type":"","overlay-color":"","overlay-opacity":"","overlay-gradient":""},"tablet":{"background-color":"var(--ast-global-color-4)","background-image":"","background-repeat":"repeat","background-position":"center center","background-size":"auto","background-attachment":"scroll","background-type":"","background-media":"","overlay-type":"","overlay-color":"","overlay-opacity":"","overlay-gradient":""},"mobile":{"background-color":"var(--ast-global-color-4)","background-image":"","background-repeat":"repeat","background-position":"center center","background-size":"auto","background-attachment":"scroll","background-type":"","background-media":"","overlay-type":"","overlay-color":"","overlay-opacity":"","overlay-gradient":""}},"footnotes":""},"categories":[85],"tags":[],"class_list":["post-3049","post","type-post","status-publish","format-standard","has-post-thumbnail","hentry","category-blog"],"_links":{"self":[{"href":"https:\/\/viajespachacutec.com\/pt-br\/wp-json\/wp\/v2\/posts\/3049","targetHints":{"allow":["GET"]}}],"collection":[{"href":"https:\/\/viajespachacutec.com\/pt-br\/wp-json\/wp\/v2\/posts"}],"about":[{"href":"https:\/\/viajespachacutec.com\/pt-br\/wp-json\/wp\/v2\/types\/post"}],"author":[{"embeddable":true,"href":"https:\/\/viajespachacutec.com\/pt-br\/wp-json\/wp\/v2\/users\/1"}],"replies":[{"embeddable":true,"href":"https:\/\/viajespachacutec.com\/pt-br\/wp-json\/wp\/v2\/comments?post=3049"}],"version-history":[{"count":2,"href":"https:\/\/viajespachacutec.com\/pt-br\/wp-json\/wp\/v2\/posts\/3049\/revisions"}],"predecessor-version":[{"id":3053,"href":"https:\/\/viajespachacutec.com\/pt-br\/wp-json\/wp\/v2\/posts\/3049\/revisions\/3053"}],"wp:featuredmedia":[{"embeddable":true,"href":"https:\/\/viajespachacutec.com\/pt-br\/wp-json\/wp\/v2\/media\/3048"}],"wp:attachment":[{"href":"https:\/\/viajespachacutec.com\/pt-br\/wp-json\/wp\/v2\/media?parent=3049"}],"wp:term":[{"taxonomy":"category","embeddable":true,"href":"https:\/\/viajespachacutec.com\/pt-br\/wp-json\/wp\/v2\/categories?post=3049"},{"taxonomy":"post_tag","embeddable":true,"href":"https:\/\/viajespachacutec.com\/pt-br\/wp-json\/wp\/v2\/tags?post=3049"}],"curies":[{"name":"wp","href":"https:\/\/api.w.org\/{rel}","templated":true}]}}